{"id":2319,"date":"2026-09-04T17:11:50","date_gmt":"2026-09-04T15:11:50","guid":{"rendered":"https:\/\/www.palagurme.it\/blog\/?p=2319"},"modified":"2026-09-04T17:15:42","modified_gmt":"2026-09-04T15:15:42","slug":"giornate-mondiali-e-ricorrenze-importanti-il-calendario-per-il-tuo-locale-parte-2","status":"publish","type":"post","link":"https:\/\/www.palagurme.it\/blog\/palagurme\/giornate-mondiali-e-ricorrenze-importanti-il-calendario-per-il-tuo-locale-parte-2\/","title":{"rendered":"Giornate mondiali e ricorrenze importanti: il calendario per il tuo locale \u2013 Parte 2"},"content":{"rendered":"\n<h2 class=\"wp-block-heading\">Da Settembre a Dicembre: tutte le date da non perdere per il tuo locale<\/h2>\n\n\n\n<p class=\"wp-block-paragraph\">Come promesso, eccoci con la seconda parte del nostro calendario dedicato alle <strong><em>giornate mondiali e alle ricorrenze pi\u00f9 interessanti per il mondo Ho.Re.Ca.<\/em><\/strong><br><br>Non tutte le giornate, naturalmente, sono adatte a ogni locale. Il segreto? Scegliere quelle pi\u00f9 coerenti con il proprio concept, con il proprio pubblico e con la propria offerta.<br><br>Come sempre, segnati in agenda le date e segui i consigli dell\u2019Hospitality Expert. Trasforma le opportunit\u00e0 in azioni concrete!<\/p>\n\n\n\n<hr class=\"wp-block-separator has-alpha-channel-opacity\"\/>\n\n\n\n<p class=\"wp-block-paragraph\"><strong>SETTEMBRE<\/strong><br><strong><br>20 Settembre: World Paella Day \u2013 Giornata Mondiale della Paella<\/strong><br>Una ricorrenza internazionale dedicata a uno dei piatti simbolo della cucina spagnola.<br><em><strong>Il consiglio dell\u2019Hospitality Expert: <\/strong><\/em>se il tuo locale propone cucina mediterranea o ama le contaminazioni internazionali, puoi cogliere l\u2019occasione per proporre una paella speciale, organizzare una serata a tema o raccontare sui social curiosit\u00e0 e tradizioni legate a questo piatto.<br><strong><br>23 Settembre: Equinozio d\u2019Autunno<\/strong><br>L\u2019estate lascia ufficialmente spazio alla nuova stagione e, con lei, arrivano nuovi ingredienti e nuove possibilit\u00e0 per la cucina.<br><strong><em>Il consiglio dell\u2019Hospitality Expert:<\/em><\/strong> zucca, funghi, uva, castagne e altri prodotti autunnali possono diventare protagonisti del nuovo menu. \u00c8 il momento ideale per presentare sui social i nuovi piatti, raccontare gli ingredienti di stagione e creare attesa intorno al cambio della carta.<br><br><strong>27 Settembre: Giornata Mondiale del Turismo<\/strong><br>Una ricorrenza particolarmente importante per ristoranti, hotel, bar e locali che lavorano con il turismo e con i visitatori del territorio.<br><em><strong>Il consiglio dell\u2019Hospitality Expert: <\/strong><\/em>non raccontare soltanto il tuo locale, ma anche ci\u00f2 che lo circonda. Crea un piccolo itinerario gastronomico della zona, suggerisci cosa vedere e cosa assaggiare e posiziona il tuo locale come una tappa dell\u2019esperienza sul territorio.<\/p>\n\n\n\n<hr class=\"wp-block-separator has-alpha-channel-opacity\"\/>\n\n\n\n<p class=\"wp-block-paragraph\"><strong>OTTOBRE<\/strong><br><strong><br>01 Ottobre: Giornata Internazionale del Caff\u00e8<\/strong><br>Una data immancabile per bar, caffetterie, pasticcerie e ristoranti.<br><strong><em>Il consiglio dell\u2019Hospitality Expert:<\/em><\/strong> il caff\u00e8 pu\u00f2 diventare molto pi\u00f9 di un semplice espresso a fine pasto. Racconta la miscela che utilizzi, la sua origine e il tuo metodo di preparazione oppure proponi un abbinamento speciale con un dessert.<br><strong><br>09 Ottobre: World Egg Day \u2013 Giornata Mondiale dell\u2019Uovo<\/strong><br>Il secondo venerd\u00ec di ottobre \u00e8 dedicato a uno degli ingredienti pi\u00f9 versatili della cucina.<br><em><strong>Il consiglio dell\u2019Hospitality Expert: <\/strong><\/em>dall\u2019uovo protagonista della colazione alla carbonara, passando per preparazioni gourmet e dessert, le possibilit\u00e0 sono infinite. Scegli una ricetta della tua carta e raccontala attraverso un reel, una foto o un breve video della preparazione.<br><br><strong>16 Ottobre: Giornata Mondiale dell\u2019Alimentazione<\/strong><br>Una delle ricorrenze pi\u00f9 importanti dell\u2019anno per chi lavora nel mondo del food. La giornata, promossa dalla FAO, permette di parlare di alimentazione, sostenibilit\u00e0, qualit\u00e0 e accesso al cibo.<br><em><strong>Il consiglio dell\u2019Hospitality Expert: <\/strong><\/em>porta la filiera al centro della comunicazione. Racconta i produttori con cui collabori, la provenienza delle materie prime e le scelte che fai quotidianamente per portare qualit\u00e0 nel piatto.<br><br><strong>25 Ottobre: World Pasta Day \u2013 Giornata Mondiale della Pasta<\/strong><br>Una ricorrenza che non pu\u00f2 assolutamente mancare nel calendario di un locale italiano.<br><em><strong>Il consiglio dell\u2019Hospitality Expert: <\/strong><\/em>scegli un formato di pasta, una ricetta della tradizione o una proposta speciale e trasformala nella protagonista della giornata. Puoi raccontarne la storia, mostrare la preparazione oppure creare una proposta disponibile per un periodo limitato.<br><br><strong>31 Ottobre: Halloween<\/strong><br>Una ricorrenza ormai entrata anche nelle abitudini italiane e particolarmente interessante per locali, pub, cocktail bar e ristoranti.<br><em><strong>Il consiglio dell\u2019Hospitality Expert: <\/strong><\/em>non limitarti a decorare il locale. Crea un\u2019esperienza: un menu a tema, un cocktail speciale, un dessert \u201cspaventoso\u201d o una serata con musica e intrattenimento. E non dimenticare di creare angoli fotogenici che invitino i clienti a condividere la serata sui social.<\/p>\n\n\n\n<hr class=\"wp-block-separator has-alpha-channel-opacity\"\/>\n\n\n\n<p class=\"wp-block-paragraph\"><strong>NOVEMBRE<\/strong><br><br><strong>13 Novembre: Giornata Mondiale della Gentilezza<\/strong><br>Anche un piccolo gesto pu\u00f2 diventare un\u2019occasione per rafforzare la relazione con i propri clienti.<br><strong><em>Il consiglio dell\u2019Hospitality Expert:<\/em><\/strong> pensa a un gesto semplice ma memorabile: un piccolo omaggio, un dessert offerto o un messaggio speciale sul tavolo. La gentilezza non deve essere una campagna commerciale: deve essere un modo per raccontare l\u2019attenzione che metti nell\u2019accoglienza.<br><br><strong>21 Novembre: Giornata del Panino Italiano<\/strong><br>Una giornata perfetta per valorizzare uno dei prodotti pi\u00f9 semplici e rappresentativi della tradizione gastronomica italiana.<br><strong><em>Il consiglio dell\u2019Hospitality Expert: <\/em><\/strong>salumi, formaggi, pane artigianale e prodotti del territorio possono diventare gli ingredienti di un panino speciale. Perch\u00e9 non proporlo per un periodo limitato e raccontarne la storia sui social?<br><br><strong>27 Novembre: Black Friday<\/strong><br>Anche se non nasce nel mondo della ristorazione, il Black Friday pu\u00f2 diventare una buona occasione commerciale.<br><strong><em>Il consiglio dell\u2019Hospitality Expert: <\/em><\/strong>evita di puntare soltanto sullo sconto. Puoi proporre voucher per una cena futura, esperienze degustazione, formule per due persone o gift card da regalare a Natale. L\u2019obiettivo \u00e8 portare il cliente a tornare nel tuo locale.<\/p>\n\n\n\n<hr class=\"wp-block-separator has-alpha-channel-opacity\"\/>\n\n\n\n<p class=\"wp-block-paragraph\"><strong>DICEMBRE<\/strong><br><br><strong>21 Dicembre: Solstizio d\u2019Inverno<\/strong><br>Il solstizio segna ufficialmente l\u2019inizio dell\u2019inverno.<br><strong><em>Il consiglio dell\u2019Hospitality Expert: <\/em><\/strong>utilizzalo come spunto per raccontare i protagonisti della cucina invernale: piatti caldi, zuppe, brasati, formaggi, vini strutturati e tutti quei prodotti che rendono speciale questa stagione.<br><br><strong>24 Dicembre: Vigilia di Natale<\/strong><br><strong>25 Dicembre: Natale<\/strong><br><strong>26 Dicembre: Santo Stefano<\/strong><br><br>Tre date da pianificare con largo anticipo, soprattutto se il tuo locale propone menu dedicati, pranzi di Natale o formule speciali.<br><strong><em>Il consiglio dell\u2019Hospitality Expert: <\/em><\/strong>non aspettare dicembre per comunicare il Natale. Menu, prezzi, disponibilit\u00e0 e prenotazioni dovrebbero essere comunicati con sufficiente anticipo. In questo periodo la programmazione fa la differenza.<br><br><strong>31 Dicembre: San Silvestro<\/strong><br>E arriviamo alla grande chiusura dell\u2019anno.<br><strong><em>Il consiglio dell\u2019Hospitality Expert: <\/em><\/strong>il Cenone di Capodanno \u00e8 un appuntamento che richiede una comunicazione anticipata e molto chiara. Menu, prezzo, bevande incluse, intrattenimento e modalit\u00e0 di prenotazione devono essere facilmente consultabili. Una buona proposta non basta: bisogna farla conoscere per tempo.<\/p>\n\n\n\n<hr class=\"wp-block-separator has-alpha-channel-opacity\"\/>\n\n\n\n<p class=\"wp-block-paragraph\">Ora tocca a te!<br>Abbiamo completato il nostro calendario Ho.Re.Ca. con le principali <strong>giornate, festivit\u00e0 e ricorrenze da settembre a dicembre.<\/strong><br><strong>Ma attenzione: <\/strong>non significa che tu debba necessariamente comunicare ogni singola data.<br>Il vero valore di un calendario di ricorrenze sta nella capacit\u00e0 di<strong> selezionare le occasioni pi\u00f9 coerenti con il proprio locale<\/strong> e trasformarle in qualcosa di concreto.<br><strong>Meno ricorrenze, pi\u00f9 strategia.<br>Vuoi scoprire come valorizzare al meglio queste occasioni nel tuo locale? Contattaci!<\/strong><\/p>\n\n\n\n<p class=\"wp-block-paragraph\"><\/p>\n<div class=\"wpcf7 no-js\" id=\"wpcf7-f7-o1\" lang=\"it-IT\" dir=\"ltr\">\n<div class=\"screen-reader-response\"><p role=\"status\" aria-live=\"polite\" aria-atomic=\"true\"><\/p> <ul><\/ul><\/div>\n<form action=\"\/blog\/wp-json\/wp\/v2\/posts\/2319#wpcf7-f7-o1\" method=\"post\" class=\"wpcf7-form init wpcf7-acceptance-as-validation\" aria-label=\"Contact form\" novalidate=\"novalidate\" data-status=\"init\">\n<div style=\"display: none;\">\n<input type=\"hidden\" name=\"_wpcf7\" value=\"7\" \/>\n<input type=\"hidden\" name=\"_wpcf7_version\" value=\"5.7\" \/>\n<input type=\"hidden\" name=\"_wpcf7_locale\" value=\"it_IT\" \/>\n<input type=\"hidden\" name=\"_wpcf7_unit_tag\" value=\"wpcf7-f7-o1\" \/>\n<input type=\"hidden\" name=\"_wpcf7_container_post\" value=\"0\" \/>\n<input type=\"hidden\" name=\"_wpcf7_posted_data_hash\" value=\"\" \/>\n<input type=\"hidden\" name=\"_wpcf7_recaptcha_response\" value=\"\" \/>\n<\/div>\n<div id=\"formPerArticoli\">\n\t<div class=\"titolo\">\n\t\t<p>Vuoi saperne di pi\u00f9? Contattaci!\n\t\t<\/p>\n\t<\/div>\n\t<div class=\"row justify-content-end\">\n\t\t<div class=\"col-md-6\">\n\t\t\t<div class=\"form-group\">\n\t\t\t\t<p><span class=\"wpcf7-form-control-wrap\" data-name=\"nominativo\"><input size=\"40\" class=\"wpcf7-form-control wpcf7-text wpcf7-validates-as-required form-control\" aria-required=\"true\" aria-invalid=\"false\" placeholder=\"Nominativo *\" value=\"\" type=\"text\" name=\"nominativo\" \/><\/span>\n\t\t\t\t<\/p>\n\t\t\t<\/div>\n\t\t<\/div>\n\t\t<div class=\"col-md-6\">\n\t\t\t<div class=\"form-group\">\n\t\t\t\t<p><span class=\"wpcf7-form-control-wrap\" data-name=\"nome-locale\"><input size=\"40\" class=\"wpcf7-form-control wpcf7-text wpcf7-validates-as-required form-control\" aria-required=\"true\" aria-invalid=\"false\" placeholder=\"Nome del locale *\" value=\"\" type=\"text\" name=\"nome-locale\" \/><\/span>\n\t\t\t\t<\/p>\n\t\t\t<\/div>\n\t\t<\/div>\n\t\t<div class=\"col-md-6\">\n\t\t\t<div class=\"form-group\">\n\t\t\t\t<p><span class=\"wpcf7-form-control-wrap\" data-name=\"email\"><input size=\"40\" class=\"wpcf7-form-control wpcf7-text wpcf7-email wpcf7-validates-as-required wpcf7-validates-as-email form-control\" aria-required=\"true\" aria-invalid=\"false\" placeholder=\"Email *\" value=\"\" type=\"email\" name=\"email\" \/><\/span>\n\t\t\t\t<\/p>\n\t\t\t<\/div>\n\t\t<\/div>\n\t\t<div class=\"col-md-6\">\n\t\t\t<div class=\"form-group\">\n\t\t\t\t<p><span class=\"wpcf7-form-control-wrap\" data-name=\"telefono\"><input size=\"40\" class=\"wpcf7-form-control wpcf7-text wpcf7-validates-as-required form-control\" aria-required=\"true\" aria-invalid=\"false\" placeholder=\"Telefono *\" value=\"\" type=\"text\" name=\"telefono\" \/><\/span>\n\t\t\t\t<\/p>\n\t\t\t<\/div>\n\t\t<\/div>\n\t\t<div class=\"col-md-12\">\n\t\t\t<div class=\"form-group\">\n\t\t\t\t<p><span class=\"wpcf7-form-control-wrap\" data-name=\"messaggio\"><textarea cols=\"40\" rows=\"6\" class=\"wpcf7-form-control wpcf7-textarea form-control\" aria-invalid=\"false\" placeholder=\"Messaggio\" name=\"messaggio\"><\/textarea><\/span>\n\t\t\t\t<\/p>\n\t\t\t<\/div>\n\t\t<\/div>\n\t\t<div class=\"col-md-12\">\n\t\t\t<div class=\"checkbox small top20\">\n\t\t\t\t<p><label><span class=\"wpcf7-form-control-wrap\" data-name=\"acceptance-990\"><span class=\"wpcf7-form-control wpcf7-acceptance\"><span class=\"wpcf7-list-item\"><input type=\"checkbox\" name=\"acceptance-990\" value=\"1\" aria-invalid=\"false\" \/><\/span><\/span><\/span> <small> Dichiaro di aver letto l'<a href=\"https:\/\/www.palagurme.it\/informativa-privacy.php\" target=\"_blank\" class=\"underline\">informativa<\/a> redatta ai sensi del Regolamento UE 2016\/679 e di autorizzare il trattamento dei miei Dati Personali per ricevere inviti formativi gratuiti ad eventi e materiale informativo\/promozionale.<\/small><\/label>\n\t\t\t\t<\/p>\n\t\t\t<\/div>\n\t\t<\/div>\n\t\t<div class=\"col-md-5\">\n\t\t\t<p><input class=\"wpcf7-form-control has-spinner wpcf7-submit\" type=\"submit\" value=\"INVIA\" \/>\n\t\t\t<\/p>\n\t\t<\/div>\n\t<\/div>\n<\/div><div class=\"wpcf7-response-output\" aria-hidden=\"true\"><\/div><\/form><\/div>","protected":false},"excerpt":{"rendered":"<p>Da Settembre a Dicembre: tutte le date da non perdere&#8230;<\/p>\n","protected":false},"author":2,"featured_media":2325,"comment_status":"closed","ping_status":"closed","sticky":false,"template":"","format":"standard","meta":{"footnotes":""},"categories":[112,96],"tags":[111,109,110],"class_list":["post-2319","post","type-post","status-publish","format-standard","has-post-thumbnail","hentry","category-social","category-palagurme","tag-giornatemondiali","tag-strategiadivendita","tag-social"],"yoast_head":"<!-- This site is optimized with the Yoast SEO plugin v19.10 - https:\/\/yoast.com\/wordpress\/plugins\/seo\/ -->\r\n<title>Giornate mondiali e ricorrenze importanti: il calendario per il tuo locale \u2013 Parte 2 - Palagurm\u00e9<\/title>\r\n<meta name=\"robots\" content=\"index, follow, max-snippet:-1, max-image-preview:large, max-video-preview:-1\" \/>\r\n<link rel=\"canonical\" href=\"https:\/\/www.palagurme.it\/blog\/palagurme\/giornate-mondiali-e-ricorrenze-importanti-il-calendario-per-il-tuo-locale-parte-2\/\" \/>\r\n<meta property=\"og:locale\" content=\"it_IT\" \/>\r\n<meta property=\"og:type\" content=\"article\" \/>\r\n<meta property=\"og:title\" content=\"Giornate mondiali e ricorrenze importanti: il calendario per il tuo locale \u2013 Parte 2 - Palagurm\u00e9\" \/>\r\n<meta property=\"og:description\" content=\"Da Settembre a Dicembre: tutte le date da non perdere...\" \/>\r\n<meta property=\"og:url\" content=\"https:\/\/www.palagurme.it\/blog\/palagurme\/giornate-mondiali-e-ricorrenze-importanti-il-calendario-per-il-tuo-locale-parte-2\/\" \/>\r\n<meta property=\"og:site_name\" content=\"Palagurm\u00e9\" \/>\r\n<meta property=\"article:publisher\" content=\"https:\/\/www.facebook.com\/palagurme\" \/>\r\n<meta property=\"article:published_time\" content=\"2026-09-04T15:11:50+00:00\" \/>\r\n<meta property=\"article:modified_time\" content=\"2026-09-04T15:15:42+00:00\" \/>\r\n<meta property=\"og:image\" content=\"https:\/\/www.palagurme.it\/blog\/wp-content\/uploads\/2026\/09\/IL-CALENDARIO2.png\" \/>\r\n\t<meta property=\"og:image:width\" content=\"1000\" \/>\r\n\t<meta property=\"og:image:height\" content=\"600\" \/>\r\n\t<meta property=\"og:image:type\" content=\"image\/png\" \/>\r\n<meta name=\"author\" content=\"Palagurme\" \/>\r\n<meta name=\"twitter:card\" content=\"summary_large_image\" \/>\r\n<meta name=\"twitter:label1\" content=\"Scritto da\" \/>\n\t<meta name=\"twitter:data1\" content=\"Palagurme\" \/>\n\t<meta name=\"twitter:label2\" content=\"Tempo di lettura stimato\" \/>\n\t<meta name=\"twitter:data2\" content=\"6 minuti\" \/>\r\n<script type=\"application\/ld+json\" class=\"yoast-schema-graph\">{\"@context\":\"https:\/\/schema.org\",\"@graph\":[{\"@type\":\"Article\",\"@id\":\"https:\/\/www.palagurme.it\/blog\/palagurme\/giornate-mondiali-e-ricorrenze-importanti-il-calendario-per-il-tuo-locale-parte-2\/#article\",\"isPartOf\":{\"@id\":\"https:\/\/www.palagurme.it\/blog\/palagurme\/giornate-mondiali-e-ricorrenze-importanti-il-calendario-per-il-tuo-locale-parte-2\/\"},\"author\":{\"name\":\"Palagurme\",\"@id\":\"https:\/\/www.palagurme.it\/blog\/#\/schema\/person\/f23efbf9c3dc0c4bc6aa2879eea160d9\"},\"headline\":\"Giornate mondiali e ricorrenze importanti: il calendario per il tuo locale \u2013 Parte 2\",\"datePublished\":\"2026-09-04T15:11:50+00:00\",\"dateModified\":\"2026-09-04T15:15:42+00:00\",\"mainEntityOfPage\":{\"@id\":\"https:\/\/www.palagurme.it\/blog\/palagurme\/giornate-mondiali-e-ricorrenze-importanti-il-calendario-per-il-tuo-locale-parte-2\/\"},\"wordCount\":1030,\"publisher\":{\"@id\":\"https:\/\/www.palagurme.it\/blog\/#organization\"},\"keywords\":[\"giornatemondiali\",\"strategiadivendita\",\"social\"],\"articleSection\":[\"Social\",\"Palagurm\u00e9\"],\"inLanguage\":\"it-IT\"},{\"@type\":\"WebPage\",\"@id\":\"https:\/\/www.palagurme.it\/blog\/palagurme\/giornate-mondiali-e-ricorrenze-importanti-il-calendario-per-il-tuo-locale-parte-2\/\",\"url\":\"https:\/\/www.palagurme.it\/blog\/palagurme\/giornate-mondiali-e-ricorrenze-importanti-il-calendario-per-il-tuo-locale-parte-2\/\",\"name\":\"Giornate mondiali e ricorrenze importanti: il calendario per il tuo locale \u2013 Parte 2 - Palagurm\u00e9\",\"isPartOf\":{\"@id\":\"https:\/\/www.palagurme.it\/blog\/#website\"},\"datePublished\":\"2026-09-04T15:11:50+00:00\",\"dateModified\":\"2026-09-04T15:15:42+00:00\",\"breadcrumb\":{\"@id\":\"https:\/\/www.palagurme.it\/blog\/palagurme\/giornate-mondiali-e-ricorrenze-importanti-il-calendario-per-il-tuo-locale-parte-2\/#breadcrumb\"},\"inLanguage\":\"it-IT\",\"potentialAction\":[{\"@type\":\"ReadAction\",\"target\":[\"https:\/\/www.palagurme.it\/blog\/palagurme\/giornate-mondiali-e-ricorrenze-importanti-il-calendario-per-il-tuo-locale-parte-2\/\"]}]},{\"@type\":\"BreadcrumbList\",\"@id\":\"https:\/\/www.palagurme.it\/blog\/palagurme\/giornate-mondiali-e-ricorrenze-importanti-il-calendario-per-il-tuo-locale-parte-2\/#breadcrumb\",\"itemListElement\":[{\"@type\":\"ListItem\",\"position\":1,\"name\":\"Home\",\"item\":\"https:\/\/www.palagurme.it\/blog\/\"},{\"@type\":\"ListItem\",\"position\":2,\"name\":\"Giornate mondiali e ricorrenze importanti: il calendario per il tuo locale \u2013 Parte 2\"}]},{\"@type\":\"WebSite\",\"@id\":\"https:\/\/www.palagurme.it\/blog\/#website\",\"url\":\"https:\/\/www.palagurme.it\/blog\/\",\"name\":\"Palagurm\u00e9\",\"description\":\"Blog\",\"publisher\":{\"@id\":\"https:\/\/www.palagurme.it\/blog\/#organization\"},\"potentialAction\":[{\"@type\":\"SearchAction\",\"target\":{\"@type\":\"EntryPoint\",\"urlTemplate\":\"https:\/\/www.palagurme.it\/blog\/?s={search_term_string}\"},\"query-input\":\"required name=search_term_string\"}],\"inLanguage\":\"it-IT\"},{\"@type\":\"Organization\",\"@id\":\"https:\/\/www.palagurme.it\/blog\/#organization\",\"name\":\"Palagurm\u00e9 Srl\",\"url\":\"https:\/\/www.palagurme.it\/blog\/\",\"logo\":{\"@type\":\"ImageObject\",\"inLanguage\":\"it-IT\",\"@id\":\"https:\/\/www.palagurme.it\/blog\/#\/schema\/logo\/image\/\",\"url\":\"https:\/\/www.palagurme.it\/blog\/wp-content\/uploads\/2022\/11\/logo-palagurme.png\",\"contentUrl\":\"https:\/\/www.palagurme.it\/blog\/wp-content\/uploads\/2022\/11\/logo-palagurme.png\",\"width\":602,\"height\":194,\"caption\":\"Palagurm\u00e9 Srl\"},\"image\":{\"@id\":\"https:\/\/www.palagurme.it\/blog\/#\/schema\/logo\/image\/\"},\"sameAs\":[\"https:\/\/www.youtube.com\/channel\/UCgk44bdd7TMjg-dS5VftI7g\",\"https:\/\/www.linkedin.com\/company\/palagurm\/\",\"https:\/\/www.instagram.com\/palagurme\/\",\"https:\/\/www.facebook.com\/palagurme\"]},{\"@type\":\"Person\",\"@id\":\"https:\/\/www.palagurme.it\/blog\/#\/schema\/person\/f23efbf9c3dc0c4bc6aa2879eea160d9\",\"name\":\"Palagurme\",\"image\":{\"@type\":\"ImageObject\",\"inLanguage\":\"it-IT\",\"@id\":\"https:\/\/www.palagurme.it\/blog\/#\/schema\/person\/image\/\",\"url\":\"https:\/\/secure.gravatar.com\/avatar\/54a17afc97055281b54bc8878bef0a2f18388c7a971e666bde49856b11bf281a?s=96&d=mm&r=g\",\"contentUrl\":\"https:\/\/secure.gravatar.com\/avatar\/54a17afc97055281b54bc8878bef0a2f18388c7a971e666bde49856b11bf281a?s=96&d=mm&r=g\",\"caption\":\"Palagurme\"}}]}<\/script>\r\n<!-- \/ Yoast SEO plugin. -->","yoast_head_json":{"title":"Giornate mondiali e ricorrenze importanti: il calendario per il tuo locale \u2013 Parte 2 - Palagurm\u00e9","robots":{"index":"index","follow":"follow","max-snippet":"max-snippet:-1","max-image-preview":"max-image-preview:large","max-video-preview":"max-video-preview:-1"},"canonical":"https:\/\/www.palagurme.it\/blog\/palagurme\/giornate-mondiali-e-ricorrenze-importanti-il-calendario-per-il-tuo-locale-parte-2\/","og_locale":"it_IT","og_type":"article","og_title":"Giornate mondiali e ricorrenze importanti: il calendario per il tuo locale \u2013 Parte 2 - Palagurm\u00e9","og_description":"Da Settembre a Dicembre: tutte le date da non perdere...","og_url":"https:\/\/www.palagurme.it\/blog\/palagurme\/giornate-mondiali-e-ricorrenze-importanti-il-calendario-per-il-tuo-locale-parte-2\/","og_site_name":"Palagurm\u00e9","article_publisher":"https:\/\/www.facebook.com\/palagurme","article_published_time":"2026-09-04T15:11:50+00:00","article_modified_time":"2026-09-04T15:15:42+00:00","og_image":[{"width":1000,"height":600,"url":"https:\/\/www.palagurme.it\/blog\/wp-content\/uploads\/2026\/09\/IL-CALENDARIO2.png","type":"image\/png"}],"author":"Palagurme","twitter_card":"summary_large_image","twitter_misc":{"Scritto da":"Palagurme","Tempo di lettura stimato":"6 minuti"},"schema":{"@context":"https:\/\/schema.org","@graph":[{"@type":"Article","@id":"https:\/\/www.palagurme.it\/blog\/palagurme\/giornate-mondiali-e-ricorrenze-importanti-il-calendario-per-il-tuo-locale-parte-2\/#article","isPartOf":{"@id":"https:\/\/www.palagurme.it\/blog\/palagurme\/giornate-mondiali-e-ricorrenze-importanti-il-calendario-per-il-tuo-locale-parte-2\/"},"author":{"name":"Palagurme","@id":"https:\/\/www.palagurme.it\/blog\/#\/schema\/person\/f23efbf9c3dc0c4bc6aa2879eea160d9"},"headline":"Giornate mondiali e ricorrenze importanti: il calendario per il tuo locale \u2013 Parte 2","datePublished":"2026-09-04T15:11:50+00:00","dateModified":"2026-09-04T15:15:42+00:00","mainEntityOfPage":{"@id":"https:\/\/www.palagurme.it\/blog\/palagurme\/giornate-mondiali-e-ricorrenze-importanti-il-calendario-per-il-tuo-locale-parte-2\/"},"wordCount":1030,"publisher":{"@id":"https:\/\/www.palagurme.it\/blog\/#organization"},"keywords":["giornatemondiali","strategiadivendita","social"],"articleSection":["Social","Palagurm\u00e9"],"inLanguage":"it-IT"},{"@type":"WebPage","@id":"https:\/\/www.palagurme.it\/blog\/palagurme\/giornate-mondiali-e-ricorrenze-importanti-il-calendario-per-il-tuo-locale-parte-2\/","url":"https:\/\/www.palagurme.it\/blog\/palagurme\/giornate-mondiali-e-ricorrenze-importanti-il-calendario-per-il-tuo-locale-parte-2\/","name":"Giornate mondiali e ricorrenze importanti: il calendario per il tuo locale \u2013 Parte 2 - Palagurm\u00e9","isPartOf":{"@id":"https:\/\/www.palagurme.it\/blog\/#website"},"datePublished":"2026-09-04T15:11:50+00:00","dateModified":"2026-09-04T15:15:42+00:00","breadcrumb":{"@id":"https:\/\/www.palagurme.it\/blog\/palagurme\/giornate-mondiali-e-ricorrenze-importanti-il-calendario-per-il-tuo-locale-parte-2\/#breadcrumb"},"inLanguage":"it-IT","potentialAction":[{"@type":"ReadAction","target":["https:\/\/www.palagurme.it\/blog\/palagurme\/giornate-mondiali-e-ricorrenze-importanti-il-calendario-per-il-tuo-locale-parte-2\/"]}]},{"@type":"BreadcrumbList","@id":"https:\/\/www.palagurme.it\/blog\/palagurme\/giornate-mondiali-e-ricorrenze-importanti-il-calendario-per-il-tuo-locale-parte-2\/#breadcrumb","itemListElement":[{"@type":"ListItem","position":1,"name":"Home","item":"https:\/\/www.palagurme.it\/blog\/"},{"@type":"ListItem","position":2,"name":"Giornate mondiali e ricorrenze importanti: il calendario per il tuo locale \u2013 Parte 2"}]},{"@type":"WebSite","@id":"https:\/\/www.palagurme.it\/blog\/#website","url":"https:\/\/www.palagurme.it\/blog\/","name":"Palagurm\u00e9","description":"Blog","publisher":{"@id":"https:\/\/www.palagurme.it\/blog\/#organization"},"potentialAction":[{"@type":"SearchAction","target":{"@type":"EntryPoint","urlTemplate":"https:\/\/www.palagurme.it\/blog\/?s={search_term_string}"},"query-input":"required name=search_term_string"}],"inLanguage":"it-IT"},{"@type":"Organization","@id":"https:\/\/www.palagurme.it\/blog\/#organization","name":"Palagurm\u00e9 Srl","url":"https:\/\/www.palagurme.it\/blog\/","logo":{"@type":"ImageObject","inLanguage":"it-IT","@id":"https:\/\/www.palagurme.it\/blog\/#\/schema\/logo\/image\/","url":"https:\/\/www.palagurme.it\/blog\/wp-content\/uploads\/2022\/11\/logo-palagurme.png","contentUrl":"https:\/\/www.palagurme.it\/blog\/wp-content\/uploads\/2022\/11\/logo-palagurme.png","width":602,"height":194,"caption":"Palagurm\u00e9 Srl"},"image":{"@id":"https:\/\/www.palagurme.it\/blog\/#\/schema\/logo\/image\/"},"sameAs":["https:\/\/www.youtube.com\/channel\/UCgk44bdd7TMjg-dS5VftI7g","https:\/\/www.linkedin.com\/company\/palagurm\/","https:\/\/www.instagram.com\/palagurme\/","https:\/\/www.facebook.com\/palagurme"]},{"@type":"Person","@id":"https:\/\/www.palagurme.it\/blog\/#\/schema\/person\/f23efbf9c3dc0c4bc6aa2879eea160d9","name":"Palagurme","image":{"@type":"ImageObject","inLanguage":"it-IT","@id":"https:\/\/www.palagurme.it\/blog\/#\/schema\/person\/image\/","url":"https:\/\/secure.gravatar.com\/avatar\/54a17afc97055281b54bc8878bef0a2f18388c7a971e666bde49856b11bf281a?s=96&d=mm&r=g","contentUrl":"https:\/\/secure.gravatar.com\/avatar\/54a17afc97055281b54bc8878bef0a2f18388c7a971e666bde49856b11bf281a?s=96&d=mm&r=g","caption":"Palagurme"}}]}},"_links":{"self":[{"href":"https:\/\/www.palagurme.it\/blog\/wp-json\/wp\/v2\/posts\/2319","targetHints":{"allow":["GET"]}}],"collection":[{"href":"https:\/\/www.palagurme.it\/blog\/wp-json\/wp\/v2\/posts"}],"about":[{"href":"https:\/\/www.palagurme.it\/blog\/wp-json\/wp\/v2\/types\/post"}],"author":[{"embeddable":true,"href":"https:\/\/www.palagurme.it\/blog\/wp-json\/wp\/v2\/users\/2"}],"replies":[{"embeddable":true,"href":"https:\/\/www.palagurme.it\/blog\/wp-json\/wp\/v2\/comments?post=2319"}],"version-history":[{"count":3,"href":"https:\/\/www.palagurme.it\/blog\/wp-json\/wp\/v2\/posts\/2319\/revisions"}],"predecessor-version":[{"id":2322,"href":"https:\/\/www.palagurme.it\/blog\/wp-json\/wp\/v2\/posts\/2319\/revisions\/2322"}],"wp:featuredmedia":[{"embeddable":true,"href":"https:\/\/www.palagurme.it\/blog\/wp-json\/wp\/v2\/media\/2325"}],"wp:attachment":[{"href":"https:\/\/www.palagurme.it\/blog\/wp-json\/wp\/v2\/media?parent=2319"}],"wp:term":[{"taxonomy":"category","embeddable":true,"href":"https:\/\/www.palagurme.it\/blog\/wp-json\/wp\/v2\/categories?post=2319"},{"taxonomy":"post_tag","embeddable":true,"href":"https:\/\/www.palagurme.it\/blog\/wp-json\/wp\/v2\/tags?post=2319"}],"curies":[{"name":"wp","href":"https:\/\/api.w.org\/{rel}","templated":true}]}}